{"id":568786,"date":"2026-03-04T10:52:08","date_gmt":"2026-03-04T10:52:08","guid":{"rendered":"https:\/\/www.positive.news\/?p=568786"},"modified":"2026-03-05T13:04:52","modified_gmt":"2026-03-05T13:04:52","slug":"inside-frances-first-lgbtqia-senior-living-residence","status":"publish","type":"post","link":"https:\/\/www.positive.news\/society\/inside-frances-first-lgbtqia-senior-living-residence\/","title":{"rendered":"Inside France\u2019s first LGBTQIA+ senior living residence"},"content":{"rendered":"","protected":false},"excerpt":{"rendered":"<p>France\u2019s first social housing project for LGBTQIA+ seniors has opened in Lyon, offering safety, solidarity and a fresh start <\/p>\n","protected":false},"author":166914,"featured_media":568982,"comment_status":"closed","ping_status":"closed","sticky":false,"template":"","format":"standard","meta":{"_acf_changed":false,"_relevanssi_hide_post":"","_relevanssi_hide_content":"","_relevanssi_pin_for_all":"","_relevanssi_pin_keywords":"","_relevanssi_unpin_keywords":"","_relevanssi_related_keywords":"","_relevanssi_related_include_ids":"","_relevanssi_related_exclude_ids":"","_relevanssi_related_no_append":"","_relevanssi_related_not_related":"","_relevanssi_related_posts":"","_relevanssi_noindex_reason":"","footnotes":""},"categories":[5168,13338,13339,470],"tags":[16497,16498,16500,16499,14961],"class_list":["post-568786","post","type-post","status-publish","format-standard","has-post-thumbnail","hentry","category-culture","category-health","category-lifestyle","category-society","tag-lgbtqia","tag-queer-community","tag-retirement-community","tag-senior-housing","tag-trans"],"acf":[],"yoast_head":"<!-- This site is optimized with the Yoast SEO plugin v26.9 - https:\/\/yoast.com\/product\/yoast-seo-wordpress\/ -->\n<title>Inside France\u2019s first LGBTQIA+ senior living residence<\/title>\n<meta name=\"description\" content=\"France\u2019s first social housing project for LGBTQIA+ seniors has opened in Lyon, offering safety, solidarity and a fresh start\" \/>\n<meta name=\"robots\" content=\"index, follow, max-snippet:-1, max-image-preview:large, max-video-preview:-1\" \/>\n<link rel=\"canonical\" href=\"https:\/\/www.positive.news\/society\/inside-frances-first-lgbtqia-senior-living-residence\/\" \/>\n<meta property=\"og:locale\" content=\"en_US\" \/>\n<meta property=\"og:type\" content=\"article\" \/>\n<meta property=\"og:title\" content=\"Inside France\u2019s first LGBTQIA+ senior living residence\" \/>\n<meta property=\"og:description\" content=\"France\u2019s first social housing project for LGBTQIA+ seniors has opened in Lyon, offering safety, solidarity and a fresh start\" \/>\n<meta property=\"og:url\" content=\"https:\/\/www.positive.news\/society\/inside-frances-first-lgbtqia-senior-living-residence\/\" \/>\n<meta property=\"og:site_name\" content=\"Positive News\" \/>\n<meta property=\"article:publisher\" content=\"https:\/\/facebook.com\/positivenewsuk\/\" \/>\n<meta property=\"article:published_time\" content=\"2026-03-04T10:52:08+00:00\" \/>\n<meta property=\"article:modified_time\" content=\"2026-03-05T13:04:52+00:00\" \/>\n<meta property=\"og:image\" content=\"https:\/\/www.positive.news\/wp-content\/uploads\/2026\/03\/AUDACIEUSES_Treillet-0644.jpeg\" \/>\n\t<meta property=\"og:image:width\" content=\"1500\" \/>\n\t<meta property=\"og:image:height\" content=\"1001\" \/>\n\t<meta property=\"og:image:type\" content=\"image\/jpeg\" \/>\n<meta name=\"author\" content=\"Angela Garwood\" \/>\n<meta name=\"twitter:card\" content=\"summary_large_image\" \/>\n<meta name=\"twitter:creator\" content=\"@PositiveNewsUK\" \/>\n<meta name=\"twitter:site\" content=\"@PositiveNewsUK\" \/>\n<meta name=\"twitter:label1\" content=\"Written by\" \/>\n\t<meta name=\"twitter:data1\" content=\"Angela Garwood\" \/>\n\t<meta name=\"twitter:label2\" content=\"Est. reading time\" \/>\n\t<meta name=\"twitter:data2\" content=\"6 minutes\" \/>\n<script type=\"application\/ld+json\" class=\"yoast-schema-graph\">{\"@context\":\"https:\/\/schema.org\",\"@graph\":[{\"@type\":\"Article\",\"@id\":\"https:\/\/www.positive.news\/society\/inside-frances-first-lgbtqia-senior-living-residence\/#article\",\"isPartOf\":{\"@id\":\"https:\/\/www.positive.news\/society\/inside-frances-first-lgbtqia-senior-living-residence\/\"},\"author\":{\"name\":\"Angela Garwood\",\"@id\":\"https:\/\/www.positive.news\/#\/schema\/person\/dea58beee642903e43f4a98fbf53df45\"},\"headline\":\"Inside France\u2019s first LGBTQIA+ senior living residence\",\"datePublished\":\"2026-03-04T10:52:08+00:00\",\"dateModified\":\"2026-03-05T13:04:52+00:00\",\"mainEntityOfPage\":{\"@id\":\"https:\/\/www.positive.news\/society\/inside-frances-first-lgbtqia-senior-living-residence\/\"},\"wordCount\":8,\"image\":{\"@id\":\"https:\/\/www.positive.news\/society\/inside-frances-first-lgbtqia-senior-living-residence\/#primaryimage\"},\"thumbnailUrl\":\"https:\/\/www.positive.news\/wp-content\/uploads\/2026\/03\/AUDACIEUSES_Treillet-0644.jpeg\",\"keywords\":[\"LGBTQIA\",\"queer community\",\"retirement community\",\"senior housing\",\"trans\"],\"articleSection\":[\"Culture\",\"Health\",\"Lifestyle\",\"Society\"],\"inLanguage\":\"en-US\"},{\"@type\":\"WebPage\",\"@id\":\"https:\/\/www.positive.news\/society\/inside-frances-first-lgbtqia-senior-living-residence\/\",\"url\":\"https:\/\/www.positive.news\/society\/inside-frances-first-lgbtqia-senior-living-residence\/\",\"name\":\"Inside France\u2019s first LGBTQIA+ senior living residence\",\"isPartOf\":{\"@id\":\"https:\/\/www.positive.news\/#website\"},\"primaryImageOfPage\":{\"@id\":\"https:\/\/www.positive.news\/society\/inside-frances-first-lgbtqia-senior-living-residence\/#primaryimage\"},\"image\":{\"@id\":\"https:\/\/www.positive.news\/society\/inside-frances-first-lgbtqia-senior-living-residence\/#primaryimage\"},\"thumbnailUrl\":\"https:\/\/www.positive.news\/wp-content\/uploads\/2026\/03\/AUDACIEUSES_Treillet-0644.jpeg\",\"datePublished\":\"2026-03-04T10:52:08+00:00\",\"dateModified\":\"2026-03-05T13:04:52+00:00\",\"author\":{\"@id\":\"https:\/\/www.positive.news\/#\/schema\/person\/dea58beee642903e43f4a98fbf53df45\"},\"description\":\"France\u2019s first social housing project for LGBTQIA+ seniors has opened in Lyon, offering safety, solidarity and a fresh start\",\"breadcrumb\":{\"@id\":\"https:\/\/www.positive.news\/society\/inside-frances-first-lgbtqia-senior-living-residence\/#breadcrumb\"},\"inLanguage\":\"en-US\",\"potentialAction\":[{\"@type\":\"ReadAction\",\"target\":[\"https:\/\/www.positive.news\/society\/inside-frances-first-lgbtqia-senior-living-residence\/\"]}]},{\"@type\":\"ImageObject\",\"inLanguage\":\"en-US\",\"@id\":\"https:\/\/www.positive.news\/society\/inside-frances-first-lgbtqia-senior-living-residence\/#primaryimage\",\"url\":\"https:\/\/www.positive.news\/wp-content\/uploads\/2026\/03\/AUDACIEUSES_Treillet-0644.jpeg\",\"contentUrl\":\"https:\/\/www.positive.news\/wp-content\/uploads\/2026\/03\/AUDACIEUSES_Treillet-0644.jpeg\",\"width\":1500,\"height\":1001,\"caption\":\"Photo prise \u00e0 Lyon, France, Le 3 novembre 2025 . Cr\u00e9\u00e9e en d\u00e9cembre 2017, l\u2019association \\\"Les audacieuses &amp; les audacieux\\\" regroupe des adultes, jeunes ou moins jeunes, h\u00e9t\u00e9ro-alli\u00e9\u00b7e\u00b7s ou LGBTI+, retrait\u00e9\u00b7e\u00b7s ou en activit\u00e9. Sans tabou li\u00e9 \u00e0 l\u2019\u00e2ge, \u00e0 l\u2019orientation sexuelle ou au genre, toutes les \u00e9nergies sont mises en oeuvre pour lutter contre l\u2019isolement des seniors. A Lyon, La Maison de la Diversit\u00e9 est un habitat inclusif et participatif, destin\u00e9 aux personnes \u00e2g\u00e9es isol\u00e9es, autonomes ou faiblement fragilis\u00e9es, sans soutien familial ; un lieu et un mode de vie choisis pour r\u00e9pondre \u00e0 l\u2019isolement social li\u00e9 \u00e0 la vieillesse, o\u00f9 chacun est acteur de son parcours de vie et qui prend en compte les probl\u00e9matiques des seniors LGBTI+ et PVVIH. Sur la photo : Alice, Thierry et Gis\u00e8le, habitants de la r\u00e9sidence. \/\/\/ ENGLISH : Photo taken in Lyon, France, on November 3, 2025. Created in December 2017, the association \u201cLes audacieuses &amp; les audacieux\u201d brings together adults, young and old, heterosexual allies or LGBTI+, retired or working. Without taboos related to age, sexual orientation, or gender, all energies are focused on combating the isolation of seniors. In Lyon, La Maison de la Diversit\u00e9 is an inclusive and participatory housing community for isolated, independent, or slightly vulnerable seniors without family support. a place and a way of life chosen to address the social isolation associated with old age, where everyone is in control of their own life journey and which takes into account the issues faced by LGBTI+ and HIV-positive seniors. In the photo: Alice, Thierry, and Gis\u00e8le, residents of the residence.\"},{\"@type\":\"BreadcrumbList\",\"@id\":\"https:\/\/www.positive.news\/society\/inside-frances-first-lgbtqia-senior-living-residence\/#breadcrumb\",\"itemListElement\":[{\"@type\":\"ListItem\",\"position\":1,\"name\":\"Home\",\"item\":\"https:\/\/www.positive.news\/\"},{\"@type\":\"ListItem\",\"position\":2,\"name\":\"Inside France\u2019s first LGBTQIA+ senior living residence\"}]},{\"@type\":\"WebSite\",\"@id\":\"https:\/\/www.positive.news\/#website\",\"url\":\"https:\/\/www.positive.news\/\",\"name\":\"Positive News\",\"description\":\"Good journalism about good things\",\"potentialAction\":[{\"@type\":\"SearchAction\",\"target\":{\"@type\":\"EntryPoint\",\"urlTemplate\":\"https:\/\/www.positive.news\/?s={search_term_string}\"},\"query-input\":{\"@type\":\"PropertyValueSpecification\",\"valueRequired\":true,\"valueName\":\"search_term_string\"}}],\"inLanguage\":\"en-US\"},{\"@type\":\"Person\",\"@id\":\"https:\/\/www.positive.news\/#\/schema\/person\/dea58beee642903e43f4a98fbf53df45\",\"name\":\"Angela Garwood\",\"image\":{\"@type\":\"ImageObject\",\"inLanguage\":\"en-US\",\"@id\":\"https:\/\/www.positive.news\/#\/schema\/person\/image\/\",\"url\":\"https:\/\/secure.gravatar.com\/avatar\/6df29fff994d31edc749f363f1f08a6b39793e09df379112e5419b8c7f99cd1e?s=96&d=mm&r=g\",\"contentUrl\":\"https:\/\/secure.gravatar.com\/avatar\/6df29fff994d31edc749f363f1f08a6b39793e09df379112e5419b8c7f99cd1e?s=96&d=mm&r=g\",\"caption\":\"Angela Garwood\"},\"url\":\"https:\/\/www.positive.news\/author\/angelapositive-news\/\"}]}<\/script>\n<!-- \/ Yoast SEO plugin. -->","yoast_head_json":{"title":"Inside France\u2019s first LGBTQIA+ senior living residence","description":"France\u2019s first social housing project for LGBTQIA+ seniors has opened in Lyon, offering safety, solidarity and a fresh start","robots":{"index":"index","follow":"follow","max-snippet":"max-snippet:-1","max-image-preview":"max-image-preview:large","max-video-preview":"max-video-preview:-1"},"canonical":"https:\/\/www.positive.news\/society\/inside-frances-first-lgbtqia-senior-living-residence\/","og_locale":"en_US","og_type":"article","og_title":"Inside France\u2019s first LGBTQIA+ senior living residence","og_description":"France\u2019s first social housing project for LGBTQIA+ seniors has opened in Lyon, offering safety, solidarity and a fresh start","og_url":"https:\/\/www.positive.news\/society\/inside-frances-first-lgbtqia-senior-living-residence\/","og_site_name":"Positive News","article_publisher":"https:\/\/facebook.com\/positivenewsuk\/","article_published_time":"2026-03-04T10:52:08+00:00","article_modified_time":"2026-03-05T13:04:52+00:00","og_image":[{"width":1500,"height":1001,"url":"https:\/\/www.positive.news\/wp-content\/uploads\/2026\/03\/AUDACIEUSES_Treillet-0644.jpeg","type":"image\/jpeg"}],"author":"Angela Garwood","twitter_card":"summary_large_image","twitter_creator":"@PositiveNewsUK","twitter_site":"@PositiveNewsUK","twitter_misc":{"Written by":"Angela Garwood","Est. reading time":"6 minutes"},"schema":{"@context":"https:\/\/schema.org","@graph":[{"@type":"Article","@id":"https:\/\/www.positive.news\/society\/inside-frances-first-lgbtqia-senior-living-residence\/#article","isPartOf":{"@id":"https:\/\/www.positive.news\/society\/inside-frances-first-lgbtqia-senior-living-residence\/"},"author":{"name":"Angela Garwood","@id":"https:\/\/www.positive.news\/#\/schema\/person\/dea58beee642903e43f4a98fbf53df45"},"headline":"Inside France\u2019s first LGBTQIA+ senior living residence","datePublished":"2026-03-04T10:52:08+00:00","dateModified":"2026-03-05T13:04:52+00:00","mainEntityOfPage":{"@id":"https:\/\/www.positive.news\/society\/inside-frances-first-lgbtqia-senior-living-residence\/"},"wordCount":8,"image":{"@id":"https:\/\/www.positive.news\/society\/inside-frances-first-lgbtqia-senior-living-residence\/#primaryimage"},"thumbnailUrl":"https:\/\/www.positive.news\/wp-content\/uploads\/2026\/03\/AUDACIEUSES_Treillet-0644.jpeg","keywords":["LGBTQIA","queer community","retirement community","senior housing","trans"],"articleSection":["Culture","Health","Lifestyle","Society"],"inLanguage":"en-US"},{"@type":"WebPage","@id":"https:\/\/www.positive.news\/society\/inside-frances-first-lgbtqia-senior-living-residence\/","url":"https:\/\/www.positive.news\/society\/inside-frances-first-lgbtqia-senior-living-residence\/","name":"Inside France\u2019s first LGBTQIA+ senior living residence","isPartOf":{"@id":"https:\/\/www.positive.news\/#website"},"primaryImageOfPage":{"@id":"https:\/\/www.positive.news\/society\/inside-frances-first-lgbtqia-senior-living-residence\/#primaryimage"},"image":{"@id":"https:\/\/www.positive.news\/society\/inside-frances-first-lgbtqia-senior-living-residence\/#primaryimage"},"thumbnailUrl":"https:\/\/www.positive.news\/wp-content\/uploads\/2026\/03\/AUDACIEUSES_Treillet-0644.jpeg","datePublished":"2026-03-04T10:52:08+00:00","dateModified":"2026-03-05T13:04:52+00:00","author":{"@id":"https:\/\/www.positive.news\/#\/schema\/person\/dea58beee642903e43f4a98fbf53df45"},"description":"France\u2019s first social housing project for LGBTQIA+ seniors has opened in Lyon, offering safety, solidarity and a fresh start","breadcrumb":{"@id":"https:\/\/www.positive.news\/society\/inside-frances-first-lgbtqia-senior-living-residence\/#breadcrumb"},"inLanguage":"en-US","potentialAction":[{"@type":"ReadAction","target":["https:\/\/www.positive.news\/society\/inside-frances-first-lgbtqia-senior-living-residence\/"]}]},{"@type":"ImageObject","inLanguage":"en-US","@id":"https:\/\/www.positive.news\/society\/inside-frances-first-lgbtqia-senior-living-residence\/#primaryimage","url":"https:\/\/www.positive.news\/wp-content\/uploads\/2026\/03\/AUDACIEUSES_Treillet-0644.jpeg","contentUrl":"https:\/\/www.positive.news\/wp-content\/uploads\/2026\/03\/AUDACIEUSES_Treillet-0644.jpeg","width":1500,"height":1001,"caption":"Photo prise \u00e0 Lyon, France, Le 3 novembre 2025 . Cr\u00e9\u00e9e en d\u00e9cembre 2017, l\u2019association \"Les audacieuses &amp; les audacieux\" regroupe des adultes, jeunes ou moins jeunes, h\u00e9t\u00e9ro-alli\u00e9\u00b7e\u00b7s ou LGBTI+, retrait\u00e9\u00b7e\u00b7s ou en activit\u00e9. Sans tabou li\u00e9 \u00e0 l\u2019\u00e2ge, \u00e0 l\u2019orientation sexuelle ou au genre, toutes les \u00e9nergies sont mises en oeuvre pour lutter contre l\u2019isolement des seniors. A Lyon, La Maison de la Diversit\u00e9 est un habitat inclusif et participatif, destin\u00e9 aux personnes \u00e2g\u00e9es isol\u00e9es, autonomes ou faiblement fragilis\u00e9es, sans soutien familial ; un lieu et un mode de vie choisis pour r\u00e9pondre \u00e0 l\u2019isolement social li\u00e9 \u00e0 la vieillesse, o\u00f9 chacun est acteur de son parcours de vie et qui prend en compte les probl\u00e9matiques des seniors LGBTI+ et PVVIH. Sur la photo : Alice, Thierry et Gis\u00e8le, habitants de la r\u00e9sidence. \/\/\/ ENGLISH : Photo taken in Lyon, France, on November 3, 2025. Created in December 2017, the association \u201cLes audacieuses &amp; les audacieux\u201d brings together adults, young and old, heterosexual allies or LGBTI+, retired or working. Without taboos related to age, sexual orientation, or gender, all energies are focused on combating the isolation of seniors. In Lyon, La Maison de la Diversit\u00e9 is an inclusive and participatory housing community for isolated, independent, or slightly vulnerable seniors without family support. a place and a way of life chosen to address the social isolation associated with old age, where everyone is in control of their own life journey and which takes into account the issues faced by LGBTI+ and HIV-positive seniors. In the photo: Alice, Thierry, and Gis\u00e8le, residents of the residence."},{"@type":"BreadcrumbList","@id":"https:\/\/www.positive.news\/society\/inside-frances-first-lgbtqia-senior-living-residence\/#breadcrumb","itemListElement":[{"@type":"ListItem","position":1,"name":"Home","item":"https:\/\/www.positive.news\/"},{"@type":"ListItem","position":2,"name":"Inside France\u2019s first LGBTQIA+ senior living residence"}]},{"@type":"WebSite","@id":"https:\/\/www.positive.news\/#website","url":"https:\/\/www.positive.news\/","name":"Positive News","description":"Good journalism about good things","potentialAction":[{"@type":"SearchAction","target":{"@type":"EntryPoint","urlTemplate":"https:\/\/www.positive.news\/?s={search_term_string}"},"query-input":{"@type":"PropertyValueSpecification","valueRequired":true,"valueName":"search_term_string"}}],"inLanguage":"en-US"},{"@type":"Person","@id":"https:\/\/www.positive.news\/#\/schema\/person\/dea58beee642903e43f4a98fbf53df45","name":"Angela Garwood","image":{"@type":"ImageObject","inLanguage":"en-US","@id":"https:\/\/www.positive.news\/#\/schema\/person\/image\/","url":"https:\/\/secure.gravatar.com\/avatar\/6df29fff994d31edc749f363f1f08a6b39793e09df379112e5419b8c7f99cd1e?s=96&d=mm&r=g","contentUrl":"https:\/\/secure.gravatar.com\/avatar\/6df29fff994d31edc749f363f1f08a6b39793e09df379112e5419b8c7f99cd1e?s=96&d=mm&r=g","caption":"Angela Garwood"},"url":"https:\/\/www.positive.news\/author\/angelapositive-news\/"}]}},"_links":{"self":[{"href":"https:\/\/www.positive.news\/wp-json\/wp\/v2\/posts\/568786","targetHints":{"allow":["GET"]}}],"collection":[{"href":"https:\/\/www.positive.news\/wp-json\/wp\/v2\/posts"}],"about":[{"href":"https:\/\/www.positive.news\/wp-json\/wp\/v2\/types\/post"}],"author":[{"embeddable":true,"href":"https:\/\/www.positive.news\/wp-json\/wp\/v2\/users\/166914"}],"replies":[{"embeddable":true,"href":"https:\/\/www.positive.news\/wp-json\/wp\/v2\/comments?post=568786"}],"version-history":[{"count":16,"href":"https:\/\/www.positive.news\/wp-json\/wp\/v2\/posts\/568786\/revisions"}],"predecessor-version":[{"id":569086,"href":"https:\/\/www.positive.news\/wp-json\/wp\/v2\/posts\/568786\/revisions\/569086"}],"wp:featuredmedia":[{"embeddable":true,"href":"https:\/\/www.positive.news\/wp-json\/wp\/v2\/media\/568982"}],"wp:attachment":[{"href":"https:\/\/www.positive.news\/wp-json\/wp\/v2\/media?parent=568786"}],"wp:term":[{"taxonomy":"category","embeddable":true,"href":"https:\/\/www.positive.news\/wp-json\/wp\/v2\/categories?post=568786"},{"taxonomy":"post_tag","embeddable":true,"href":"https:\/\/www.positive.news\/wp-json\/wp\/v2\/tags?post=568786"}],"curies":[{"name":"wp","href":"https:\/\/api.w.org\/{rel}","templated":true}]}}